{"id":5851,"date":"2025-04-05T08:06:57","date_gmt":"2025-04-05T06:06:57","guid":{"rendered":"https:\/\/pappeceblog.it\/?p=5851"},"modified":"2025-04-05T08:07:46","modified_gmt":"2025-04-05T06:07:46","slug":"il-grande-saccheggio-del-congo-ricordando-raffaele-masto","status":"publish","type":"post","link":"https:\/\/pappeceblog.it\/index.php\/2025\/04\/05\/il-grande-saccheggio-del-congo-ricordando-raffaele-masto\/","title":{"rendered":"Il grande saccheggio del Congo. Ricordando Raffaele Masto"},"content":{"rendered":"\n<p>Lo scorrso 28 marzo, in occasione del quinto anniversario della scomparsa del giornalista e scrittore Raffaele Masto, la rivista Africa ha riproposto il suo reportage dal Kivu, nel quale Raffaele spiegava perch\u00e9 in Congo c&#8217;\u00e8 la guerra. Quell&#8217;articolo \u00e8 quanto mai attuale, potete leggerlo cliccando <a href=\"https:\/\/www.africarivista.it\/il-grande-saccheggio-del-congo\/258953\/\" target=\"_blank\" rel=\"noopener\">qui<\/a>. <\/p>\n","protected":false},"excerpt":{"rendered":"<p>Lo scorrso 28 marzo, in occasione del quinto anniversario della scomparsa del giornalista e scrittore Raffaele Masto, la rivista Africa ha riproposto il suo reportage dal Kivu, nel quale Raffaele spiegava perch\u00e9 in Congo c&#8217;\u00e8 la guerra. Quell&#8217;articolo \u00e8 quanto mai attuale, potete leggerlo cliccando qui.<\/p>\n","protected":false},"author":3,"featured_media":4303,"comment_status":"open","ping_status":"open","sticky":false,"template":"","format":"standard","meta":{"rank_math_lock_modified_date":false,"footnotes":""},"categories":[17],"tags":[265,1174,138],"coauthors":[69],"_links":{"self":[{"href":"https:\/\/pappeceblog.it\/index.php\/wp-json\/wp\/v2\/posts\/5851"}],"collection":[{"href":"https:\/\/pappeceblog.it\/index.php\/wp-json\/wp\/v2\/posts"}],"about":[{"href":"https:\/\/pappeceblog.it\/index.php\/wp-json\/wp\/v2\/types\/post"}],"author":[{"embeddable":true,"href":"https:\/\/pappeceblog.it\/index.php\/wp-json\/wp\/v2\/users\/3"}],"replies":[{"embeddable":true,"href":"https:\/\/pappeceblog.it\/index.php\/wp-json\/wp\/v2\/comments?post=5851"}],"version-history":[{"count":1,"href":"https:\/\/pappeceblog.it\/index.php\/wp-json\/wp\/v2\/posts\/5851\/revisions"}],"predecessor-version":[{"id":5852,"href":"https:\/\/pappeceblog.it\/index.php\/wp-json\/wp\/v2\/posts\/5851\/revisions\/5852"}],"wp:featuredmedia":[{"embeddable":true,"href":"https:\/\/pappeceblog.it\/index.php\/wp-json\/wp\/v2\/media\/4303"}],"wp:attachment":[{"href":"https:\/\/pappeceblog.it\/index.php\/wp-json\/wp\/v2\/media?parent=5851"}],"wp:term":[{"taxonomy":"category","embeddable":true,"href":"https:\/\/pappeceblog.it\/index.php\/wp-json\/wp\/v2\/categories?post=5851"},{"taxonomy":"post_tag","embeddable":true,"href":"https:\/\/pappeceblog.it\/index.php\/wp-json\/wp\/v2\/tags?post=5851"},{"taxonomy":"author","embeddable":true,"href":"https:\/\/pappeceblog.it\/index.php\/wp-json\/wp\/v2\/coauthors?post=5851"}],"curies":[{"name":"wp","href":"https:\/\/api.w.org\/{rel}","templated":true}]}}