{"id":6330,"date":"2026-08-16T22:11:00","date_gmt":"2026-08-16T20:11:00","guid":{"rendered":"https:\/\/pappeceblog.it\/?p=6330"},"modified":"2026-08-16T21:11:59","modified_gmt":"2026-08-16T19:11:59","slug":"tanti-auguri-a-me","status":"publish","type":"post","link":"https:\/\/pappeceblog.it\/index.php\/2026\/08\/16\/tanti-auguri-a-me\/","title":{"rendered":"Tanti auguri a me"},"content":{"rendered":"\n<p>Monza, 16 agosto 2026<\/p>\n\n\n\n<p>E&#8217; di nuovo il 16 agosto, certamente non uno dei giorni migliori per festeggiare, con gli affetti sparsi per il mondo. Gli affetti italiani sono da qualche parte, al mare o in montagna, a godersi le meritate vacanze. Gli affetti svizzeri sono alle prese con il nuovo anno scolastico che, almeno nel canton Zurigo, comincia il 17 agosto. Per fortuna alcune delle persone pi\u00f9 importanti della mia vita sono qui con me, in questo secondo compleanno monzese.<\/p>\n\n\n<div class=\"wp-block-image\">\n<figure class=\"aligncenter size-large\"><img fetchpriority=\"high\" decoding=\"async\" width=\"731\" height=\"1024\" src=\"https:\/\/pappeceblog.it\/wp-content\/uploads\/2026\/08\/Compleannobis-731x1024.jpg\" alt=\"\" class=\"wp-image-6333\" title=\"\" srcset=\"https:\/\/pappeceblog.it\/wp-content\/uploads\/2026\/08\/Compleannobis-731x1024.jpg 731w, https:\/\/pappeceblog.it\/wp-content\/uploads\/2026\/08\/Compleannobis-214x300.jpg 214w, https:\/\/pappeceblog.it\/wp-content\/uploads\/2026\/08\/Compleannobis-768x1076.jpg 768w, https:\/\/pappeceblog.it\/wp-content\/uploads\/2026\/08\/Compleannobis-1096x1536.jpg 1096w, https:\/\/pappeceblog.it\/wp-content\/uploads\/2026\/08\/Compleannobis-480x673.jpg 480w, https:\/\/pappeceblog.it\/wp-content\/uploads\/2026\/08\/Compleannobis.jpg 1142w\" sizes=\"(max-width: 731px) 100vw, 731px\" \/><\/figure><\/div>\n\n\n<p>Gli anni sono 54, cominciano a essere tanti; sicuramente gli anni vissuti sono di pi\u00f9 di quelli ancora da vivere, quindi \u00e8 naturale fare dei bilanci. Non ho l&#8217;arroganza di scrivere che rifarei tutto quello che ho fatto, perch\u00e9 solo gli stupidi non imparano dalle lezioni che la vita offre. Scrivo per\u00f2 che i miei errori non son stati tanti, e quando li ho commessi, li ho sempre commessi pensando che fossero la cosa giusta da fare. Sono molto soddisfatto della mia vita finora, per una serie non trascurabile di motivi: sono circondato da tante persone che mi amano, amore che cerco di ricambiare; amo il mio lavoro, nonostante gli alti e bassi, i successi e gli insuccessi, entrambi effimeri, che la vita lavorativa offre: il mio \u00e8 un lavoro che ha uno scopo che va ben oltre il ricevere uno stipendio a fine mese; la salute, seppure non ottimale, non mi ha condannato a nulla di grave.<\/p>\n\n\n\n<p>Pi\u00f9 che ripensare al passato, mi piace per\u00f2 pianificare il futuro, anche se la vita, si sa, sorprende sempre. Considero perci\u00f2 il 16 agosto come il capodanno, o meglio come il primo giorno di scuola, occasione di buoni propositi. I miei sono tanti: vorrei lavorare un po&#8217; di meno, e dedicare pi\u00f9 tempo, sia in termini di qualit\u00e0 che di quantit\u00e0, a tematiche sociali e politiche. Vorrei viaggiare di pi\u00f9, per scoprire posti nuovi, ma anche rivedere persone a cui voglio bene, che vivono nei posti pi\u00f9 incredibili del mondo. Vorrei leggere sempre tanto, tanto, tanto. Quanti buoni propositi riuscir\u00f2 a realizzare? Non lo so, ma nel frattempo&#8230; Tanti auguri a me!<\/p>\n\n\n<div class=\"wp-block-image\">\n<figure class=\"aligncenter size-large\"><img decoding=\"async\" width=\"768\" height=\"1024\" src=\"https:\/\/pappeceblog.it\/wp-content\/uploads\/2026\/08\/16ago26-768x1024.jpg\" alt=\"\" class=\"wp-image-6334\" title=\"\" srcset=\"https:\/\/pappeceblog.it\/wp-content\/uploads\/2026\/08\/16ago26-768x1024.jpg 768w, https:\/\/pappeceblog.it\/wp-content\/uploads\/2026\/08\/16ago26-225x300.jpg 225w, https:\/\/pappeceblog.it\/wp-content\/uploads\/2026\/08\/16ago26-1152x1536.jpg 1152w, https:\/\/pappeceblog.it\/wp-content\/uploads\/2026\/08\/16ago26-480x640.jpg 480w, https:\/\/pappeceblog.it\/wp-content\/uploads\/2026\/08\/16ago26.jpg 1200w\" sizes=\"(max-width: 768px) 100vw, 768px\" \/><\/figure><\/div>","protected":false},"excerpt":{"rendered":"<p>Monza, 16 agosto 2026 E&#8217; di nuovo il 16 agosto, certamente non uno dei giorni migliori per festeggiare, con gli affetti sparsi per il mondo. Gli affetti italiani sono da qualche parte, al mare o in montagna, a godersi le meritate vacanze. Gli affetti svizzeri sono alle prese con il nuovo anno scolastico che, almeno nel canton Zurigo, comincia il 17 agosto. Per fortuna alcune delle persone pi\u00f9 importanti della mia vita sono qui con me, in questo secondo compleanno monzese. Gli anni sono 54, cominciano a essere tanti; sicuramente gli anni vissuti sono di pi\u00f9 di quelli ancora da<\/p>\n","protected":false},"author":3,"featured_media":6332,"comment_status":"open","ping_status":"open","sticky":false,"template":"","format":"standard","meta":{"rank_math_lock_modified_date":false,"footnotes":""},"categories":[1120],"tags":[771],"coauthors":[69],"_links":{"self":[{"href":"https:\/\/pappeceblog.it\/index.php\/wp-json\/wp\/v2\/posts\/6330"}],"collection":[{"href":"https:\/\/pappeceblog.it\/index.php\/wp-json\/wp\/v2\/posts"}],"about":[{"href":"https:\/\/pappeceblog.it\/index.php\/wp-json\/wp\/v2\/types\/post"}],"author":[{"embeddable":true,"href":"https:\/\/pappeceblog.it\/index.php\/wp-json\/wp\/v2\/users\/3"}],"replies":[{"embeddable":true,"href":"https:\/\/pappeceblog.it\/index.php\/wp-json\/wp\/v2\/comments?post=6330"}],"version-history":[{"count":1,"href":"https:\/\/pappeceblog.it\/index.php\/wp-json\/wp\/v2\/posts\/6330\/revisions"}],"predecessor-version":[{"id":6335,"href":"https:\/\/pappeceblog.it\/index.php\/wp-json\/wp\/v2\/posts\/6330\/revisions\/6335"}],"wp:featuredmedia":[{"embeddable":true,"href":"https:\/\/pappeceblog.it\/index.php\/wp-json\/wp\/v2\/media\/6332"}],"wp:attachment":[{"href":"https:\/\/pappeceblog.it\/index.php\/wp-json\/wp\/v2\/media?parent=6330"}],"wp:term":[{"taxonomy":"category","embeddable":true,"href":"https:\/\/pappeceblog.it\/index.php\/wp-json\/wp\/v2\/categories?post=6330"},{"taxonomy":"post_tag","embeddable":true,"href":"https:\/\/pappeceblog.it\/index.php\/wp-json\/wp\/v2\/tags?post=6330"},{"taxonomy":"author","embeddable":true,"href":"https:\/\/pappeceblog.it\/index.php\/wp-json\/wp\/v2\/coauthors?post=6330"}],"curies":[{"name":"wp","href":"https:\/\/api.w.org\/{rel}","templated":true}]}}