{"id":6341,"date":"2026-09-02T02:53:00","date_gmt":"2026-09-02T00:53:00","guid":{"rendered":"https:\/\/pappeceblog.it\/?p=6341"},"modified":"2026-08-30T11:54:27","modified_gmt":"2026-08-30T09:54:27","slug":"svizzera-le-iniziative-del-27-settembre-2026","status":"publish","type":"post","link":"https:\/\/pappeceblog.it\/index.php\/2026\/09\/02\/svizzera-le-iniziative-del-27-settembre-2026\/","title":{"rendered":"Svizzera: le iniziative del 27 settembre 2026"},"content":{"rendered":"\n<p>Qualche settimana fa ho ricevuto il materiale elettorale per votare le iniziative popolari svizzere del prossimo 27 settembre. Come mai cos\u00ec presto? Come mai gli svizzeri residenti all&#8217;estero ricevono il materiale prima di coloro che vivono nel Paese? La spiegazione \u00e8 semplice: la scheda elettorale votata deve essere rispedita in Svizzera, nel mio caso nel canton Zurigo. Il votante deve affrancare la busta e, se non vuole inviarla tramite raccomandata o DHL, \u00e8 bene che spedisca il suo voto con largo anticipo. Diverso era il voto italiano quando vivevo all&#8217;estero: la scheda elettorale veniva inviata al pi\u00f9 vicino Consolato del Paese di residenza (nel mio caso, Zurigo) e non era necessario affrancare la busta. So che alcuni Cantoni, per ovviare a questo problema, propongono il voto elettronico, ma purtroppo non \u00e8 (ancora?) il caso del canton Zurigo.<\/p>\n\n\n\n<p>Ma passiamo al contenuto delle iniziative. La prima, proposta dal partito SVP, chiede di introdurre delle restrizioni alla neutralit\u00e0 svizzera. La neutralit\u00e0 \u00e8 gi\u00e0 sancita dalla Costituzione federale fin dal 1848, ma questa iniziativa chiede ulteriori restrizioni, e chiede di scrivere in Costituzione che la neutralit\u00e0 della Svizzera \u00e8 permanente e armata. In base al testo dell&#8217;iniziativa, la Svizzera non deve aderire ad alleanze militari o difensive e non deve collaborare con esse, salvo in caso di aggressione militare diretta. Se passasse il testo, la Svizzera non potrebbe pi\u00f9 adottare sanzioni contro gli Stati belligeranti, cosa che arrualmente accade, ad esempio contro la Russia di Putin. Pur non essendo nella forma mentis di pensare che ogni proposta dell&#8217;SVP vada respinta, dopo aver letto il testo non ho avuto alcun dubbio: il mio <strong>NO<\/strong> all&#8217;iniziativa \u00e8 netto e deciso.<\/p>\n\n\n\n<figure class=\"wp-block-embed is-type-video is-provider-youtube wp-block-embed-youtube wp-embed-aspect-16-9 wp-has-aspect-ratio\"><div class=\"wp-block-embed__wrapper\">\n<iframe title=\"Iniziativa sulla neutralit\u00e0\" width=\"1170\" height=\"658\" src=\"https:\/\/www.youtube.com\/embed\/1W4JbgnZ5Jw?feature=oembed\" frameborder=\"0\" allow=\"accelerometer; autoplay; clipboard-write; encrypted-media; gyroscope; picture-in-picture; web-share\" referrerpolicy=\"strict-origin-when-cross-origin\" allowfullscreen><\/iframe>\n<\/div><\/figure>\n\n\n\n<p>La seconda iniziativa riguarda l&#8217;alimentazione. I promotori chiedono il rafforzamento di una produzione nazionale sostenibile, pi\u00f9 derrate alimentari vegetali e acqua potabile pulita. L&#8217;iniziativa prevede che, in 10 anni, la Svizzera abbia un grado di autosufficienza in materia di alimentazione del 70%. Attualmente il grado di autosufficienza \u00e8 del 47%. Pur essendo l&#8217;iniziativa encomiabile, trovo l&#8217;obiettivo ecessivo e perci\u00f2, anche in questo caso, il mio voto \u00e8 stato un <strong>NO<\/strong>.<\/p>\n\n\n\n<figure class=\"wp-block-embed is-type-video is-provider-youtube wp-block-embed-youtube wp-embed-aspect-16-9 wp-has-aspect-ratio\"><div class=\"wp-block-embed__wrapper\">\n<iframe title=\"Iniziativa sull\u2019alimentazione\" width=\"1170\" height=\"658\" src=\"https:\/\/www.youtube.com\/embed\/W6VfelOrilw?feature=oembed\" frameborder=\"0\" allow=\"accelerometer; autoplay; clipboard-write; encrypted-media; gyroscope; picture-in-picture; web-share\" referrerpolicy=\"strict-origin-when-cross-origin\" allowfullscreen><\/iframe>\n<\/div><\/figure>\n","protected":false},"excerpt":{"rendered":"<p>Qualche settimana fa ho ricevuto il materiale elettorale per votare le iniziative popolari svizzere del prossimo 27 settembre. Come mai cos\u00ec presto? Come mai gli svizzeri residenti all&#8217;estero ricevono il materiale prima di coloro che vivono nel Paese? La spiegazione \u00e8 semplice: la scheda elettorale votata deve essere rispedita in Svizzera, nel mio caso nel canton Zurigo. Il votante deve affrancare la busta e, se non vuole inviarla tramite raccomandata o DHL, \u00e8 bene che spedisca il suo voto con largo anticipo. Diverso era il voto italiano quando vivevo all&#8217;estero: la scheda elettorale veniva inviata al pi\u00f9 vicino Consolato del<\/p>\n","protected":false},"author":3,"featured_media":4353,"comment_status":"open","ping_status":"open","sticky":false,"template":"","format":"standard","meta":{"rank_math_lock_modified_date":false,"footnotes":""},"categories":[19],"tags":[1332,1038,1331,89],"coauthors":[69],"_links":{"self":[{"href":"https:\/\/pappeceblog.it\/index.php\/wp-json\/wp\/v2\/posts\/6341"}],"collection":[{"href":"https:\/\/pappeceblog.it\/index.php\/wp-json\/wp\/v2\/posts"}],"about":[{"href":"https:\/\/pappeceblog.it\/index.php\/wp-json\/wp\/v2\/types\/post"}],"author":[{"embeddable":true,"href":"https:\/\/pappeceblog.it\/index.php\/wp-json\/wp\/v2\/users\/3"}],"replies":[{"embeddable":true,"href":"https:\/\/pappeceblog.it\/index.php\/wp-json\/wp\/v2\/comments?post=6341"}],"version-history":[{"count":1,"href":"https:\/\/pappeceblog.it\/index.php\/wp-json\/wp\/v2\/posts\/6341\/revisions"}],"predecessor-version":[{"id":6342,"href":"https:\/\/pappeceblog.it\/index.php\/wp-json\/wp\/v2\/posts\/6341\/revisions\/6342"}],"wp:featuredmedia":[{"embeddable":true,"href":"https:\/\/pappeceblog.it\/index.php\/wp-json\/wp\/v2\/media\/4353"}],"wp:attachment":[{"href":"https:\/\/pappeceblog.it\/index.php\/wp-json\/wp\/v2\/media?parent=6341"}],"wp:term":[{"taxonomy":"category","embeddable":true,"href":"https:\/\/pappeceblog.it\/index.php\/wp-json\/wp\/v2\/categories?post=6341"},{"taxonomy":"post_tag","embeddable":true,"href":"https:\/\/pappeceblog.it\/index.php\/wp-json\/wp\/v2\/tags?post=6341"},{"taxonomy":"author","embeddable":true,"href":"https:\/\/pappeceblog.it\/index.php\/wp-json\/wp\/v2\/coauthors?post=6341"}],"curies":[{"name":"wp","href":"https:\/\/api.w.org\/{rel}","templated":true}]}}